[{"@context":"https:\/\/schema.org\/","@type":"Article","@id":"https:\/\/www.reks.cz\/elegantni-styl\/#Article","mainEntityOfPage":"https:\/\/www.reks.cz\/elegantni-styl\/","headline":"Elegantn\u00ed styl","name":"Elegantn\u00ed styl","description":"Samoz\u0159ejm\u011b, \u017ee nejenom \u017eeny, ale taky mu\u017ei se cht\u011bj\u00ed l\u00edbit. J\u00e1 se tomu nediv\u00edm, proto\u017ee dne\u0161n\u00ed doma tomu \u00fapln\u011b nahr\u00e1v\u00e1. Kolikr\u00e1t kdy\u017e jsem u\u017e vid\u011bla v m\u00f3dn\u00edch \u010dasopisech, \u017ee tam &hellip; ","datePublished":"2022-08-21","dateModified":"2023-05-30","author":{"@type":"Person","@id":"https:\/\/www.reks.cz\/author\/#Person","name":"","url":"https:\/\/www.reks.cz\/author\/","identifier":1,"image":{"@type":"ImageObject","@id":"https:\/\/secure.gravatar.com\/avatar\/d81a95b988e562d8ac0fc1eb5578e43f924bf78e85c5259f0dcab44a306610fa?s=96&d=mm&r=g","url":"https:\/\/secure.gravatar.com\/avatar\/d81a95b988e562d8ac0fc1eb5578e43f924bf78e85c5259f0dcab44a306610fa?s=96&d=mm&r=g","height":96,"width":96}},"publisher":{"@type":"Organization","name":"reks.cz","logo":{"@type":"ImageObject","@id":"\/logo.png","url":"\/logo.png","width":600,"height":60}},"image":{"@type":"ImageObject","@id":"https:\/\/www.reks.cz\/wp-content\/uploads\/bag-1868758_960_720.jpg","url":"https:\/\/www.reks.cz\/wp-content\/uploads\/bag-1868758_960_720.jpg","height":0,"width":0},"url":"https:\/\/www.reks.cz\/elegantni-styl\/","about":["V\u00fdrobky"],"wordCount":427,"articleBody":"   Samoz\u0159ejm\u011b, \u017ee nejenom \u017eeny, ale taky mu\u017ei se cht\u011bj\u00ed l\u00edbit. J\u00e1 se tomu nediv\u00edm, proto\u017ee dne\u0161n\u00ed doma tomu \u00fapln\u011b nahr\u00e1v\u00e1. Kolikr\u00e1t kdy\u017e jsem u\u017e vid\u011bla v m\u00f3dn\u00edch \u010dasopisech, \u017ee tam je samostatn\u00e1 rubrika pro mu\u017ee. Mu\u017ei tam rozeb\u00edraj\u00ed sv\u00e9 pocity, ale nejenom tohle. Mu\u017ei taky moc r\u00e1di rozeb\u00edraj\u00ed m\u00f3du. A v dne\u0161n\u00ed dob\u011b u\u017e nen\u00ed v\u016fbec \u017e\u00e1dn\u00e1 v\u00fdjimka, \u017ee mu\u017ei mohou nosit podpatky a sukn\u011b anebo se r\u016fzn\u011b maluj\u00ed. T\u0159eba pou\u017e\u00edvaj\u00ed make-up a rt\u011bnku. U n\u00e1s v okol\u00ed zat\u00edm nikdo takov\u00fd asi nen\u00ed, nebo jsem si toho nev\u0161imla. Nebo jsem si toho p\u0159\u00edmo nev\u0161imla, \u017ee ten \u010dlov\u011bk je \u017eena nebo mu\u017e. Nev\u00edm jak vy, ale mn\u011b se tohle v\u016fbec nel\u00edb\u00ed. L\u00edb\u00ed se mi, Kdy\u017e mu\u017e je mu\u017eem a taky tak vypad\u00e1. Nicm\u00e9n\u011b ale kdy\u017e se mu\u017e p\u011bkn\u011b obl\u00e9k\u00e1, tak je to jenom v\u00fdhoda. T\u0159eba kdy\u017e si mu\u017e vezme kr\u00e1sn\u00e9 \u010dist\u00e9 mu\u017esk\u00e9 kalhoty. A je jasn\u00e9, \u017ee mu\u017esk\u00e9 kalhoty jsou velmi d\u016fle\u017eitou sou\u010d\u00e1st\u00ed mu\u017esk\u00e9ho \u0161atn\u00edku. Proto\u017ee pokud mu\u017e chod\u00ed do pr\u00e1ce, kde je vy\u017eadov\u00e1n n\u011bjak\u00fd ur\u010dit\u00fd dress code, tak tam jsou mu\u017esk\u00e9 kalhoty z\u0159ejm\u011b d\u016fle\u017eit\u00e9. A kalhoty pro mu\u017ee jsou takov\u00e9, \u017ee se hlavn\u011b \u017eehlit, proto\u017ee kalhoty se \u010dasto ma\u010dkaj\u00ed.A nen\u00ed opravdu nic hor\u0161\u00edho, ne\u017e kdy\u017e mu\u017e v kalhot\u00e1ch jde n\u011bkam, kdy\u017e m\u00e1 opravdu zma\u010dkan\u00e9 kalhoty a vypad\u00e1 to nevhodn\u011b. Nebo v\u00e1m by se to l\u00edbilo? M\u011b ne, proto mu\u017ei rad\u011bji d\u00e1vaj\u00ed p\u0159ednost jin\u00fdm druh\u016fm oble\u010den\u00ed, t\u0159eba nap\u0159\u00edklad d\u017e\u00edn\u00e1m, kter\u00e9 se tak nema\u010dkaj\u00ed. Ale abych pravdu \u0159ekla, tak mn\u011b osobn\u011b se mu\u017ei v kalhot\u00e1ch l\u00edb\u00ed, proto\u017ee je to takov\u00e9 elegantn\u00ed a z\u00e1rove\u0148 sportovn\u00ed. M\u011b se toti\u017e u mu\u017e\u016f hodn\u011b l\u00edb\u00ed sportovn\u011b le\u017e\u00e9rn\u00ed styl, kdy mu\u017e m\u00e1 na sob\u011b kvalitn\u00ed vy\u017eehlen\u00e9 kalhoty a k tomu kr\u00e1sn\u00e9 \u010dist\u00e9 polo tri\u010dko. J\u00e1 jsem sama, bez partnera, proto\u017ee jsem asi hodn\u011b n\u00e1ro\u010dn\u00e1 na mu\u017ee. Nebo mo\u017en\u00e1 ani nejsem, ale tohle si sama \u0159\u00edct neum\u00edm. Ani nev\u00edm, jestli se chci v\u00e1zat. Ale mo\u017en\u00e1 kdybych potkala slu\u0161n\u00e9ho mu\u017ee, tak t\u0159eba zm\u011bn\u00edm n\u00e1zor.                                                                                                                                                                                                                                                                                                                                                                                          4.8\/5 - (5 votes)        "},{"@context":"https:\/\/schema.org\/","@type":"BreadcrumbList","itemListElement":[{"@type":"ListItem","position":1,"name":"Elegantn\u00ed styl","item":"https:\/\/www.reks.cz\/elegantni-styl\/#breadcrumbitem"}]}]