[{"@context":"https:\/\/schema.org\/","@type":"Article","@id":"https:\/\/www.reks.cz\/najdete-nas-i-na-facebooku\/#Article","mainEntityOfPage":"https:\/\/www.reks.cz\/najdete-nas-i-na-facebooku\/","headline":"Najdete n\u00e1s i na Facebooku","name":"Najdete n\u00e1s i na Facebooku","description":"Na\u0161e internetov\u00e9 str\u00e1nky, potom si n\u00e1s p\u0159idejte na Facebooku a sledujte v\u0161e, co se u n\u00e1s d\u011bje. Tuto soci\u00e1ln\u00ed s\u00ed\u0165 vlastn\u00ed v dne\u0161n\u00ed dob\u011b snad u\u017e opravdu ka\u017ed\u00fd, proto u\u017e &hellip; ","datePublished":"2023-11-19","dateModified":"2023-11-19","author":{"@type":"Person","@id":"https:\/\/www.reks.cz\/author\/#Person","name":"","url":"https:\/\/www.reks.cz\/author\/","identifier":1,"image":{"@type":"ImageObject","@id":"https:\/\/secure.gravatar.com\/avatar\/d81a95b988e562d8ac0fc1eb5578e43f924bf78e85c5259f0dcab44a306610fa?s=96&d=mm&r=g","url":"https:\/\/secure.gravatar.com\/avatar\/d81a95b988e562d8ac0fc1eb5578e43f924bf78e85c5259f0dcab44a306610fa?s=96&d=mm&r=g","height":96,"width":96}},"publisher":{"@type":"Organization","name":"reks.cz","logo":{"@type":"ImageObject","@id":"\/logo.png","url":"\/logo.png","width":600,"height":60}},"url":"https:\/\/www.reks.cz\/najdete-nas-i-na-facebooku\/","wordCount":214,"articleBody":"Na\u0161e internetov\u00e9 str\u00e1nky, potom si n\u00e1s p\u0159idejte na Facebooku a sledujte v\u0161e, co se u n\u00e1s d\u011bje. Tuto soci\u00e1ln\u00ed s\u00ed\u0165 vlastn\u00ed v dne\u0161n\u00ed dob\u011b snad u\u017e opravdu ka\u017ed\u00fd, proto u\u017e na nic ne\u010dekejte a i Vy si n\u00e1s p\u0159idejte do obl\u00edben\u00fdch. D\u00edky autop\u016fj\u010dovn\u011b Praha se u\u017e nebudete muset nikdy b\u00e1t toho, \u017ee nebudete m\u00edt vozidlo hned p\u0159i ruce. Tak\u017ee pokud pr\u00e1v\u011b pot\u0159ebujete n\u011bjak\u00fd v\u016fz, ur\u010dit\u011b si ho u n\u00e1s rezervujte, a\u0165 u\u017e online \u010di telefonicky.\tCo v\u0161echno pot\u0159ebujete?Pokud si budete cht\u00edt u na\u0161\u00ed autop\u016fj\u010dovny Praha pronajmout n\u011bjak\u00e9 vozidlo, asi byste m\u011bli v\u011bd\u011bt, co v\u0161echno budete pot\u0159ebovat za doklady. Mezi po\u017eadovan\u00e9 doklady pat\u0159\u00ed nap\u0159\u00edklad ob\u010dansk\u00fd pr\u016fkaz a \u0159idi\u010dsk\u00fd pr\u016fkaz, kter\u00fd mus\u00edte vlastnit minim\u00e1ln\u011b jeden rok. Pron\u00e1jem na\u0161ich vozidel je velice jednoduch\u00fd a p\u0159edev\u0161\u00edm rychl\u00fd, proto pokud se stane n\u011bjak\u00e1 ne\u010dekan\u00e1 situace a V\u00e1\u0161 v\u016fz se porouch\u00e1, potom se na n\u00e1s ur\u010dit\u011b obra\u0165te a my V\u00e1m v co nejbli\u017e\u0161\u00ed dob\u011b poskytneme v\u016fz n\u00e1hradn\u00ed.                                                                                                                                                                                                                                                                                                                                                                                        4.7\/5 - (6 votes)        "},{"@context":"https:\/\/schema.org\/","@type":"BreadcrumbList","itemListElement":[{"@type":"ListItem","position":1,"name":"Najdete n\u00e1s i na Facebooku","item":"https:\/\/www.reks.cz\/najdete-nas-i-na-facebooku\/#breadcrumbitem"}]}]