[{"@context":"https:\/\/schema.org\/","@type":"Article","@id":"https:\/\/www.reks.cz\/poznejte-krasu-jeseniku-od-jara-do-podzimu\/#Article","mainEntityOfPage":"https:\/\/www.reks.cz\/poznejte-krasu-jeseniku-od-jara-do-podzimu\/","headline":"Poznejte kr\u00e1su Jesen\u00edk\u016f od jara do podzimu","name":"Poznejte kr\u00e1su Jesen\u00edk\u016f od jara do podzimu","description":"\u010cesk\u00e1 republika m\u00e1 obrovsk\u00e9 \u0161t\u011bst\u00ed d\u00edky sv\u00e9 poloze, \u017ee ji lemuj\u00ed z v\u011bt\u0161\u00ed \u010d\u00e1sti rozs\u00e1hl\u00e1 hrani\u010dn\u00ed poho\u0159\u00ed. Ka\u017ed\u00e9 z nich je sv\u00e9r\u00e1zn\u00e9 a nelze jednozna\u010dn\u011b \u0159\u00edci, \u017ee je n\u011bkter\u00e9 z &hellip; ","datePublished":"2022-08-14","dateModified":"2023-05-30","author":{"@type":"Person","@id":"https:\/\/www.reks.cz\/author\/#Person","name":"","url":"https:\/\/www.reks.cz\/author\/","identifier":1,"image":{"@type":"ImageObject","@id":"https:\/\/secure.gravatar.com\/avatar\/d81a95b988e562d8ac0fc1eb5578e43f924bf78e85c5259f0dcab44a306610fa?s=96&d=mm&r=g","url":"https:\/\/secure.gravatar.com\/avatar\/d81a95b988e562d8ac0fc1eb5578e43f924bf78e85c5259f0dcab44a306610fa?s=96&d=mm&r=g","height":96,"width":96}},"publisher":{"@type":"Organization","name":"reks.cz","logo":{"@type":"ImageObject","@id":"\/logo.png","url":"\/logo.png","width":600,"height":60}},"image":{"@type":"ImageObject","@id":"https:\/\/www.reks.cz\/wp-content\/uploads\/mountains-7386324_640.jpg","url":"https:\/\/www.reks.cz\/wp-content\/uploads\/mountains-7386324_640.jpg","height":0,"width":0},"url":"https:\/\/www.reks.cz\/poznejte-krasu-jeseniku-od-jara-do-podzimu\/","about":["Slu\u017eby"],"wordCount":411,"articleBody":"   \u010cesk\u00e1 republika m\u00e1 obrovsk\u00e9 \u0161t\u011bst\u00ed d\u00edky sv\u00e9 poloze, \u017ee ji lemuj\u00ed z v\u011bt\u0161\u00ed \u010d\u00e1sti rozs\u00e1hl\u00e1 hrani\u010dn\u00ed poho\u0159\u00ed. Ka\u017ed\u00e9 z nich je sv\u00e9r\u00e1zn\u00e9 a nelze jednozna\u010dn\u011b \u0159\u00edci, \u017ee je n\u011bkter\u00e9 z nich kr\u00e1sn\u011bj\u0161\u00ed, a jin\u00e9 \u0161kared\u00e9. A\u0165 u\u017e se vyprav\u00edte kamkoli, v\u0161ude budete uchv\u00e1ceni t\u011bmi p\u0159ekr\u00e1sn\u00fdmi horsk\u00fdmi panoramaty, a mo\u017en\u00e1 si pr\u00e1v\u011b tam uv\u011bdom\u00edte, jak \u00fa\u017easn\u00e1 je na\u0161e zem\u011b, a \u017ee v\u00e1m mnoho jin\u00fdch st\u00e1t\u016f v Evrop\u011b \u010di ve sv\u011bt\u011b nem\u016f\u017ee nic podobn\u00e9ho nab\u00eddnout.Jesen\u00edky jsou nejvy\u0161\u0161\u00edm poho\u0159\u00edm Moravy, v\u00e9vod\u00ed jim nejvy\u0161\u0161\u00ed moravsk\u00e1 hora Prad\u011bd a pr\u00e1v\u011b do t\u00e9to lokality bychom v\u00e1s r\u00e1di pozvali na mal\u00fd v\u00fdlet, nebo na del\u0161\u00ed dovolenkov\u00fd pobyt. Z\u00e1le\u017e\u00ed na v\u00e1s, zda preferujete prodlou\u017een\u00e9 v\u00edkendy na hor\u00e1ch, anebo v\u00e1m vyhovuje sp\u00ed\u0161e rozlo\u017eit program voln\u00fdch dn\u016f na cel\u00fd t\u00fdden.Na hory se nejezd\u00ed jen ly\u017eovat, toto u\u017e d\u00e1vno neplat\u00ed u\u017e jen proto, \u017ee jsou tu b\u00e1je\u010dn\u00e9 mo\u017enosti pro p\u011b\u0161\u00ed turistiku a tak\u00e9 pro cykloturistiku. Modern\u00ed horsk\u00e1 kola nebo dokonce elektrokola poskytnou mnoho z\u00e1bavy i lidem, kte\u0159\u00ed nejsou zrovna zdatn\u00fdmi cyklisty, a co se t\u00fd\u010de p\u011b\u0161\u00ed turistiky, k dispozici je dnes cel\u00e1 \u0159ada \u0161pi\u010dkov\u00fdch outdoorov\u00fdch model\u016f od\u011bv\u016f, obuvi, batoh\u016f a dal\u0161\u00edho sportovn\u00edho vybaven\u00ed.A kam se v Jesen\u00edk\u00e1ch vypravit?Zajist\u00edte-li si levn\u00e9 ubytov\u00e1n\u00ed v Jesen\u00edk\u00e1ch https:\/\/apartmanymax.cz\/ubytovani\/, nap\u0159\u00edklad v lokalit\u011b Horn\u00edho V\u00e1clavova, nedaleko od sv\u011btozn\u00e1m\u00e9ho l\u00e1ze\u0148sk\u00e9ho letoviska Karlova Stud\u00e1nka, m\u016f\u017eeme v\u00e1m nab\u00eddnout n\u011bkolik v\u00fdlet\u016f do bl\u00edzk\u00e9ho okol\u00ed. Doporu\u010dit bychom v\u00e1m mohli zejm\u00e9na v\u00fdstup z Karlovy Stud\u00e1nky po trase Nau\u010dn\u00e9 stezky B\u00edl\u00e1 Opava, kter\u00e1 v\u00e1s zavede k p\u0159ekr\u00e1sn\u00fdm vodop\u00e1d\u016fm a divok\u00e9mu \u0159\u00ed\u010dn\u00edmu ka\u0148onu. V\u00fdstup zakon\u010d\u00edte pod horskou chatou Figura a pokra\u010dovat pak m\u016f\u017eete k vrcholu Prad\u011bdu.Uj\u00edt byste si nem\u011bli ani \u010cervenohorsk\u00e9 sedlo a p\u0159e\u010derp\u00e1vac\u00ed elektr\u00e1rnu Dlouh\u00e9 Str\u00e1n\u011b, kter\u00e1 je od Horn\u00edho V\u00e1clavova vzd\u00e1len\u00e1 zhruba pades\u00e1t kilometr\u016f, co\u017e v\u00e1m zabere necelou hodinu j\u00edzdy autem.                                                                                                                                                                                                                                                                                                                                                                                          4.8\/5 - (6 votes)        "},{"@context":"https:\/\/schema.org\/","@type":"BreadcrumbList","itemListElement":[{"@type":"ListItem","position":1,"name":"Poznejte kr\u00e1su Jesen\u00edk\u016f od jara do podzimu","item":"https:\/\/www.reks.cz\/poznejte-krasu-jeseniku-od-jara-do-podzimu\/#breadcrumbitem"}]}]